{"id":551,"date":"2018-09-27T17:01:10","date_gmt":"2018-09-27T15:01:10","guid":{"rendered":"https:\/\/gauthierkeyaerts.com\/blog\/?p=551"},"modified":"2020-01-14T11:03:46","modified_gmt":"2020-01-14T10:03:46","slug":"lhomme-de-lecume-spectacle-interdisciplinaire-work-in-progress","status":"publish","type":"post","link":"https:\/\/gauthierkeyaerts.com\/blog\/lhomme-de-lecume-spectacle-interdisciplinaire-work-in-progress\/","title":{"rendered":"\u00ab\u00a0L&rsquo;homme de l&rsquo;\u00e9cume\u00a0\u00bb &#8211; spectacle interdisciplinaire &#8211; r\u00e9sidence de cr\u00e9ation"},"content":{"rendered":"<p style=\"text-align: justify;\">Voici quelques images issues d&rsquo;une r\u00e9sidence artistique effectu\u00e9e \u00e0 Moelan-sur-Mer (Bretagne, France), accomplie afin de pr\u00e9parer ma prochaine cr\u00e9ation : une adaptation de <em>L&rsquo;homme de l&rsquo;\u00e9cume &#8211; Manifeste du surr\u00e9alisme des gr\u00e8ves. <\/em>Soit un magnifique essai de mon ami Bruno Geneste dans lequel se m\u00ealent po\u00e9sie, oc\u00e9an, chamanisme, une ode \u00e0 la libert\u00e9 de pens\u00e9e et au surr\u00e9alisme. Pour ma part, je cumule les postes de metteur en sc\u00e8ne \/ sc\u00e9nographe, musicien, vid\u00e9aste&#8230; Cet \u00e9crin accueillera sur sc\u00e8ne les lectures de Bruno Geneste, de Paul Sanda et de Patrick Lepetit.<\/p>\n<p>&nbsp;<\/p>\n<p><iframe loading=\"lazy\" src=\"https:\/\/player.vimeo.com\/video\/316591650\" width=\"640\" height=\"360\" frameborder=\"0\" allowfullscreen=\"allowfullscreen\"><\/iframe><\/p>\n<p><a href=\"https:\/\/vimeo.com\/316591650\">L&rsquo;homme de l&rsquo;e\u0301cume &#8211; teaser 3<\/a> from <a href=\"https:\/\/vimeo.com\/user13169030\">Gauthier Keyaerts<\/a> on <a href=\"https:\/\/vimeo.com\">Vimeo<\/a>.<\/p>\n<p>&nbsp;<\/p>\n<p><iframe loading=\"lazy\" src=\"https:\/\/player.vimeo.com\/video\/316552501\" width=\"640\" height=\"360\" frameborder=\"0\" allowfullscreen=\"allowfullscreen\"><\/iframe><\/p>\n<p><a href=\"https:\/\/vimeo.com\/316552501\">L&rsquo;homme de l&rsquo;e\u0301cume &#8211; teaser 2<\/a> from <a href=\"https:\/\/vimeo.com\/user13169030\">Gauthier Keyaerts<\/a> on <a href=\"https:\/\/vimeo.com\">Vimeo<\/a>.<\/p>\n","protected":false},"excerpt":{"rendered":"<p>Voici quelques images issues d&rsquo;une r\u00e9sidence artistique effectu\u00e9e \u00e0 Moelan-sur-Mer (Bretagne, France), accomplie afin de pr\u00e9parer ma prochaine cr\u00e9ation : une adaptation de L&rsquo;homme de l&rsquo;\u00e9cume &#8211; Manifeste du surr\u00e9alisme des gr\u00e8ves. Soit un magnifique essai de mon ami Bruno Geneste dans lequel se m\u00ealent po\u00e9sie, oc\u00e9an, chamanisme, une ode \u00e0 la libert\u00e9 de pens\u00e9e [&hellip;]<\/p>\n","protected":false},"author":1,"featured_media":0,"comment_status":"closed","ping_status":"closed","sticky":false,"template":"","format":"standard","meta":{"_jetpack_memberships_contains_paid_content":false,"footnotes":""},"categories":[1],"tags":[],"class_list":["post-551","post","type-post","status-publish","format-standard","hentry","category-non-classe"],"jetpack_featured_media_url":"","jetpack_sharing_enabled":true,"_links":{"self":[{"href":"https:\/\/gauthierkeyaerts.com\/blog\/wp-json\/wp\/v2\/posts\/551","targetHints":{"allow":["GET"]}}],"collection":[{"href":"https:\/\/gauthierkeyaerts.com\/blog\/wp-json\/wp\/v2\/posts"}],"about":[{"href":"https:\/\/gauthierkeyaerts.com\/blog\/wp-json\/wp\/v2\/types\/post"}],"author":[{"embeddable":true,"href":"https:\/\/gauthierkeyaerts.com\/blog\/wp-json\/wp\/v2\/users\/1"}],"replies":[{"embeddable":true,"href":"https:\/\/gauthierkeyaerts.com\/blog\/wp-json\/wp\/v2\/comments?post=551"}],"version-history":[{"count":0,"href":"https:\/\/gauthierkeyaerts.com\/blog\/wp-json\/wp\/v2\/posts\/551\/revisions"}],"wp:attachment":[{"href":"https:\/\/gauthierkeyaerts.com\/blog\/wp-json\/wp\/v2\/media?parent=551"}],"wp:term":[{"taxonomy":"category","embeddable":true,"href":"https:\/\/gauthierkeyaerts.com\/blog\/wp-json\/wp\/v2\/categories?post=551"},{"taxonomy":"post_tag","embeddable":true,"href":"https:\/\/gauthierkeyaerts.com\/blog\/wp-json\/wp\/v2\/tags?post=551"}],"curies":[{"name":"wp","href":"https:\/\/api.w.org\/{rel}","templated":true}]}}