{"id":2857,"date":"2023-10-15T18:18:51","date_gmt":"2023-10-15T16:18:51","guid":{"rendered":"https:\/\/gauthierkeyaerts.com\/blog\/?p=2857"},"modified":"2024-04-13T15:24:25","modified_gmt":"2024-04-13T13:24:25","slug":"vtgk-au-festival-de-poesie-sonore-les-ondes-lez%e2%80%bf%c9%94%cc%83d-liege-14-octobre-2023","status":"publish","type":"post","link":"https:\/\/gauthierkeyaerts.com\/blog\/vtgk-au-festival-de-poesie-sonore-les-ondes-lez%e2%80%bf%c9%94%cc%83d-liege-14-octobre-2023\/","title":{"rendered":"VTGK  au Festival de po\u00e9sie sonore : Les Ondes \u2013 [ lez\u203f\u0254\u0303d]. Li\u00e8ge, 14 Octobre 2023."},"content":{"rendered":"<p>Magnifique journ\u00e9e pass\u00e9e \u00e0 Li\u00e8ge en en tr\u00e8s belle compagnie, dont &#8211; bien entendu &#8211; l&rsquo;ami Vincent Tholom\u00e9. Le duo VTGK reprenait la route apr\u00e8s un petit moment de pause forc\u00e9e. Le r\u00e9sulta fut \u00e0 la hauteur de notre impatience \u00e0 reprendre l&rsquo;exploration sonore, voix et textures improvis\u00e9es. Un immense merci \u00e0 Charlyne Audin et \u00e0 Emelyne Delfosse (<a href=\"https:\/\/comptoirdulivre.be\/\">Le Comptoir du livre<\/a>), \u00e0 l&rsquo;\u00e9quipe de l&rsquo;An Vert, aux artistes crois\u00e9s, au public&#8230; tout \u00e9tait parfait.<\/p>\n<p><img data-recalc-dims=\"1\" loading=\"lazy\" decoding=\"async\" class=\"wp-image-2860 aligncenter\" src=\"https:\/\/i0.wp.com\/gauthierkeyaerts.com\/blog\/wp-content\/uploads\/2024\/03\/OND3ES.jpeg?resize=417%2C278&#038;ssl=1\" alt=\"\" width=\"417\" height=\"278\" srcset=\"https:\/\/i0.wp.com\/gauthierkeyaerts.com\/blog\/wp-content\/uploads\/2024\/03\/OND3ES.jpeg?w=2000&amp;ssl=1 2000w, https:\/\/i0.wp.com\/gauthierkeyaerts.com\/blog\/wp-content\/uploads\/2024\/03\/OND3ES.jpeg?resize=300%2C200&amp;ssl=1 300w, https:\/\/i0.wp.com\/gauthierkeyaerts.com\/blog\/wp-content\/uploads\/2024\/03\/OND3ES.jpeg?resize=1024%2C681&amp;ssl=1 1024w, https:\/\/i0.wp.com\/gauthierkeyaerts.com\/blog\/wp-content\/uploads\/2024\/03\/OND3ES.jpeg?resize=768%2C511&amp;ssl=1 768w, https:\/\/i0.wp.com\/gauthierkeyaerts.com\/blog\/wp-content\/uploads\/2024\/03\/OND3ES.jpeg?resize=1536%2C1022&amp;ssl=1 1536w, https:\/\/i0.wp.com\/gauthierkeyaerts.com\/blog\/wp-content\/uploads\/2024\/03\/OND3ES.jpeg?w=1296&amp;ssl=1 1296w, https:\/\/i0.wp.com\/gauthierkeyaerts.com\/blog\/wp-content\/uploads\/2024\/03\/OND3ES.jpeg?w=1944&amp;ssl=1 1944w\" sizes=\"auto, (max-width: 417px) 100vw, 417px\" \/><\/p>\n<p><img data-recalc-dims=\"1\" loading=\"lazy\" decoding=\"async\" class=\"wp-image-2900 aligncenter\" src=\"https:\/\/i0.wp.com\/gauthierkeyaerts.com\/blog\/wp-content\/uploads\/2023\/10\/Les-ondes-1.jpg?resize=415%2C276&#038;ssl=1\" alt=\"\" width=\"415\" height=\"276\" srcset=\"https:\/\/i0.wp.com\/gauthierkeyaerts.com\/blog\/wp-content\/uploads\/2023\/10\/Les-ondes-1.jpg?resize=300%2C200&amp;ssl=1 300w, https:\/\/i0.wp.com\/gauthierkeyaerts.com\/blog\/wp-content\/uploads\/2023\/10\/Les-ondes-1.jpg?resize=1024%2C682&amp;ssl=1 1024w, https:\/\/i0.wp.com\/gauthierkeyaerts.com\/blog\/wp-content\/uploads\/2023\/10\/Les-ondes-1.jpg?resize=768%2C511&amp;ssl=1 768w, https:\/\/i0.wp.com\/gauthierkeyaerts.com\/blog\/wp-content\/uploads\/2023\/10\/Les-ondes-1.jpg?resize=1536%2C1022&amp;ssl=1 1536w, https:\/\/i0.wp.com\/gauthierkeyaerts.com\/blog\/wp-content\/uploads\/2023\/10\/Les-ondes-1.jpg?w=2048&amp;ssl=1 2048w, https:\/\/i0.wp.com\/gauthierkeyaerts.com\/blog\/wp-content\/uploads\/2023\/10\/Les-ondes-1.jpg?w=1296&amp;ssl=1 1296w, https:\/\/i0.wp.com\/gauthierkeyaerts.com\/blog\/wp-content\/uploads\/2023\/10\/Les-ondes-1.jpg?w=1944&amp;ssl=1 1944w\" sizes=\"auto, (max-width: 415px) 100vw, 415px\" \/><\/p>\n<p>Quelques \u00e9chos de la performance de VTGK :<\/p>\n<blockquote class=\"wp-embedded-content\" data-secret=\"DwXqzsTwEx\"><p><a href=\"https:\/\/jazzmania.be\/les-ondes-a-lan-vert-liege-14-15-10-23\/\">Les Ondes \u00e0 l\u2019An Vert (Li\u00e8ge, 14-15\/10\/23)<\/a><\/p><\/blockquote>\n<p><iframe loading=\"lazy\" class=\"wp-embedded-content\" sandbox=\"allow-scripts\" security=\"restricted\" style=\"position: absolute; clip: rect(1px, 1px, 1px, 1px);\" title=\"\u00ab\u00a0Les Ondes \u00e0 l\u2019An Vert (Li\u00e8ge, 14-15\/10\/23)\u00a0\u00bb &#8212; JazzMania\" src=\"https:\/\/jazzmania.be\/les-ondes-a-lan-vert-liege-14-15-10-23\/embed\/#?secret=xu8WsBNF73#?secret=DwXqzsTwEx\" data-secret=\"DwXqzsTwEx\" width=\"600\" height=\"338\" frameborder=\"0\" marginwidth=\"0\" marginheight=\"0\" scrolling=\"no\"><\/iframe><\/p>\n<p><a href=\"https:\/\/karoo.me\/articles\/les-ondes-festival\/\">https:\/\/karoo.me\/articles\/les-ondes-festival\/<\/a><\/p>\n<p>Mon post sur Facebook :<\/p>\n<p>\u00ab\u00a0<span class=\"x193iq5w xeuugli x13faqbe x1vvkbs xlh3980 xvmahel x1n0sxbx x1lliihq x1s928wv xhkezso x1gmr53x x1cpjm7i x1fgarty x1943h6x xudqn12 x3x7a5m x1f6kntn xvq8zen xo1l8bm xzsf02u x1yc453h\" dir=\"auto\">Hier soir <a class=\"x1i10hfl xjbqb8w x1ejq31n xd10rxx x1sy0etr x17r0tee x972fbf xcfux6l x1qhh985 xm0m39n x9f619 x1ypdohk xt0psk2 xe8uvvx xdj266r x11i5rnm xat24cr x1mh8g0r xexx8yu x4uap5 x18d9i69 xkhd6sd x16tdsg8 x1hl2dhg xggy1nq x1a2a7pz xt0b8zv x1fey0fg xo1l8bm\" tabindex=\"0\" role=\"link\" href=\"https:\/\/www.facebook.com\/vincent.tholome?__cft__[0]=AZX6TIJQKoitrT-2iOrlfFKc0W__f39b975jpKWeL_QS037X_F3BVHhqxfv-M34u86yuBEu6y3CO8PO-k96hHny7tvda34w5aXe32aqeyz1dQ3pGqyxvsnj_W7m2c0VARVEQtQfcifi75Ln0JTjVSA4qlJNu-Y1Utv5ylMALq4lfYg&amp;__tn__=-]K-R\"><span class=\"xt0psk2\">Vincent Tholom\u00e9<\/span><\/a> et moi (VTGK) avons donn\u00e9 corps \u00e0 \u00ab\u00a0L&rsquo;existence\u00a0\u00bb (une premi\u00e8re en live). Devant un public attentif, devant des organisatrices et organisateurs d&rsquo;une \u00e9norme bienveillance, dans une ambiance chaleureuse, partageant une longue travers\u00e9e en formes po\u00e9tiques diverses et de grande qualit\u00e9 (et j&rsquo;ai enfin vu en perfo A.C. Hello, et je ne veux pas m&rsquo;en remettre). Aid\u00e9s par un mat\u00e9riel et des techniciens aux petits soins et soutenus par un incontournable bolo. Bref, rien \u00e0 redire, c&rsquo;\u00e9tait juste merveilleux. J&rsquo;attends avec impatience les photos ! Merci <a class=\"x1i10hfl xjbqb8w x1ejq31n xd10rxx x1sy0etr x17r0tee x972fbf xcfux6l x1qhh985 xm0m39n x9f619 x1ypdohk xt0psk2 xe8uvvx xdj266r x11i5rnm xat24cr x1mh8g0r xexx8yu x4uap5 x18d9i69 xkhd6sd x16tdsg8 x1hl2dhg xggy1nq x1a2a7pz xt0b8zv x1fey0fg xo1l8bm\" tabindex=\"0\" role=\"link\" href=\"https:\/\/www.facebook.com\/charlyne.audin?__cft__[0]=AZX6TIJQKoitrT-2iOrlfFKc0W__f39b975jpKWeL_QS037X_F3BVHhqxfv-M34u86yuBEu6y3CO8PO-k96hHny7tvda34w5aXe32aqeyz1dQ3pGqyxvsnj_W7m2c0VARVEQtQfcifi75Ln0JTjVSA4qlJNu-Y1Utv5ylMALq4lfYg&amp;__tn__=-]K-R\"><span class=\"xt0psk2\">Charlyne Audin<\/span><\/a>, <a class=\"x1i10hfl xjbqb8w x1ejq31n xd10rxx x1sy0etr x17r0tee x972fbf xcfux6l x1qhh985 xm0m39n x9f619 x1ypdohk xt0psk2 xe8uvvx xdj266r x11i5rnm xat24cr x1mh8g0r xexx8yu x4uap5 x18d9i69 xkhd6sd x16tdsg8 x1hl2dhg xggy1nq x1a2a7pz xt0b8zv x1fey0fg xo1l8bm\" tabindex=\"0\" role=\"link\" href=\"https:\/\/www.facebook.com\/emelyne.delfosse?__cft__[0]=AZX6TIJQKoitrT-2iOrlfFKc0W__f39b975jpKWeL_QS037X_F3BVHhqxfv-M34u86yuBEu6y3CO8PO-k96hHny7tvda34w5aXe32aqeyz1dQ3pGqyxvsnj_W7m2c0VARVEQtQfcifi75Ln0JTjVSA4qlJNu-Y1Utv5ylMALq4lfYg&amp;__tn__=-]K-R\"><span class=\"xt0psk2\">Emelyne Delfosse<\/span><\/a>, <a class=\"x1i10hfl xjbqb8w x1ejq31n xd10rxx x1sy0etr x17r0tee x972fbf xcfux6l x1qhh985 xm0m39n x9f619 x1ypdohk xt0psk2 xe8uvvx xdj266r x11i5rnm xat24cr x1mh8g0r xexx8yu x4uap5 x18d9i69 xkhd6sd x16tdsg8 x1hl2dhg xggy1nq x1a2a7pz xt0b8zv x1fey0fg xo1l8bm\" tabindex=\"0\" role=\"link\" href=\"https:\/\/www.facebook.com\/catherine.barsics?__cft__[0]=AZX6TIJQKoitrT-2iOrlfFKc0W__f39b975jpKWeL_QS037X_F3BVHhqxfv-M34u86yuBEu6y3CO8PO-k96hHny7tvda34w5aXe32aqeyz1dQ3pGqyxvsnj_W7m2c0VARVEQtQfcifi75Ln0JTjVSA4qlJNu-Y1Utv5ylMALq4lfYg&amp;__tn__=-]K-R\"><span class=\"xt0psk2\">Catherine Barsics<\/span><\/a>, Jo, Marc, Stefan&#8230; et toutes celles et ceux dont j&rsquo;oublie temporairement le nom (je suis distrait et fatigu\u00e9). C&rsquo;\u00e9tait un \u00e9v\u00e9nement rare, beau, juste, et pour cette nouvelle aventure VTGKesque, un \u00e9crin parfait! Merci aussi pour les retours tr\u00e8s enthousiastes.<\/span>\u00a0\u00bb<\/p>\n<p>&nbsp;<\/p>\n<p>&nbsp;<\/p>\n<p><img data-recalc-dims=\"1\" loading=\"lazy\" decoding=\"async\" class=\" wp-image-2858 aligncenter\" src=\"https:\/\/i0.wp.com\/gauthierkeyaerts.com\/blog\/wp-content\/uploads\/2024\/03\/Ondes.jpg?resize=323%2C457&#038;ssl=1\" alt=\"\" width=\"323\" height=\"457\" srcset=\"https:\/\/i0.wp.com\/gauthierkeyaerts.com\/blog\/wp-content\/uploads\/2024\/03\/Ondes.jpg?resize=212%2C300&amp;ssl=1 212w, https:\/\/i0.wp.com\/gauthierkeyaerts.com\/blog\/wp-content\/uploads\/2024\/03\/Ondes.jpg?w=453&amp;ssl=1 453w\" sizes=\"auto, (max-width: 323px) 100vw, 323px\" \/><\/p>\n<p><span style=\"text-decoration: underline;\"><strong>Pr\u00e9sentation officielle :<\/strong><\/span><\/p>\n<p>R\u00e9solument sonore! Le festival <i>Les Ondes<\/i> ~ <i>[ lez\u203f\u0254\u0303d], <\/i>14 et 15 octobre 2023, salle de L\u2019An Vert.<\/p>\n<p>Cet \u00e9v\u00e9nement in\u00e9dit, organis\u00e9 par Le Comptoir des petits \u00e9diteurs et des m\u00e9tiers du livre, fait la part belle \u00e0 une sc\u00e8ne po\u00e9tique contemporaine majeure, pourtant peu programm\u00e9e ces derni\u00e8res ann\u00e9es en Belgique. Fr\u00e9quences urbaines et indus, bruitisme, boucles \u00e9lectro, duo voix et cordes, cin\u00e9ma pour oreilles, rythmes jazz, vibrations en langues vernaculaires et \u00e9trang\u00e8res: les ingr\u00e9dients sont l\u00e0 pour (re)d\u00e9couvrir la diversit\u00e9 de la po\u00e9sie sonore belge et fran\u00e7aise. Durant ces deux jours, o\u00f9 plus de quinze artistes se produiront sur sc\u00e8ne, se tiendra \u00e9galement un march\u00e9 du livre, CD et vinyle de maisons d\u2019\u00e9dition sp\u00e9cialistes du genre. Conf\u00e9rence, sieste acoustique et blind test en langue \u00e9trang(\u00e8r)e sont \u00e9galement au programme de la premi\u00e8re \u00e9dition de ce festival des bords de Meuse.<\/p>\n<p><strong>Samedi 14 octobre\u00a0<\/strong><\/p>\n<p>16h\u00a0: ouverture des portes\u00a0 et du march\u00e9 de po\u00e9sie sonore (livres et vinyles)<\/p>\n<p>17h *: Camille Sovat &amp; Camille Ruiz (vid\u00e9o-po\u00e8mes)<\/p>\n<p>17h30*: H\u00e9lo\u00efse Husquinet (session d\u2019\u00e9coute)<\/p>\n<p>19h00: Fr\u00e9d\u00e9ric Saenen<\/p>\n<p>19h30: Anna Ayanoglou<\/p>\n<p><strong>21h\u00a0: VTGK (Vincent Tholom\u00e9 et Gauthier Keyaerts)<\/strong><\/p>\n<p>21h30: A.C. Hello<\/p>\n<p>22h\u00a0: Johana Beaussart<\/p>\n<p>&nbsp;<\/p>\n<p>&nbsp;<\/p>\n","protected":false},"excerpt":{"rendered":"<p>Magnifique journ\u00e9e pass\u00e9e \u00e0 Li\u00e8ge en en tr\u00e8s belle compagnie, dont &#8211; bien entendu &#8211; l&rsquo;ami Vincent Tholom\u00e9. Le duo VTGK reprenait la route apr\u00e8s un petit moment de pause forc\u00e9e. Le r\u00e9sulta fut \u00e0 la hauteur de notre impatience \u00e0 reprendre l&rsquo;exploration sonore, voix et textures improvis\u00e9es. Un immense merci \u00e0 Charlyne Audin et [&hellip;]<\/p>\n","protected":false},"author":1,"featured_media":0,"comment_status":"closed","ping_status":"closed","sticky":false,"template":"","format":"standard","meta":{"_jetpack_memberships_contains_paid_content":false,"footnotes":""},"categories":[1],"tags":[],"class_list":["post-2857","post","type-post","status-publish","format-standard","hentry","category-non-classe"],"jetpack_featured_media_url":"","jetpack_sharing_enabled":true,"_links":{"self":[{"href":"https:\/\/gauthierkeyaerts.com\/blog\/wp-json\/wp\/v2\/posts\/2857","targetHints":{"allow":["GET"]}}],"collection":[{"href":"https:\/\/gauthierkeyaerts.com\/blog\/wp-json\/wp\/v2\/posts"}],"about":[{"href":"https:\/\/gauthierkeyaerts.com\/blog\/wp-json\/wp\/v2\/types\/post"}],"author":[{"embeddable":true,"href":"https:\/\/gauthierkeyaerts.com\/blog\/wp-json\/wp\/v2\/users\/1"}],"replies":[{"embeddable":true,"href":"https:\/\/gauthierkeyaerts.com\/blog\/wp-json\/wp\/v2\/comments?post=2857"}],"version-history":[{"count":0,"href":"https:\/\/gauthierkeyaerts.com\/blog\/wp-json\/wp\/v2\/posts\/2857\/revisions"}],"wp:attachment":[{"href":"https:\/\/gauthierkeyaerts.com\/blog\/wp-json\/wp\/v2\/media?parent=2857"}],"wp:term":[{"taxonomy":"category","embeddable":true,"href":"https:\/\/gauthierkeyaerts.com\/blog\/wp-json\/wp\/v2\/categories?post=2857"},{"taxonomy":"post_tag","embeddable":true,"href":"https:\/\/gauthierkeyaerts.com\/blog\/wp-json\/wp\/v2\/tags?post=2857"}],"curies":[{"name":"wp","href":"https:\/\/api.w.org\/{rel}","templated":true}]}}