{"id":1392,"date":"2018-03-21T21:44:35","date_gmt":"2018-03-21T20:44:35","guid":{"rendered":"https:\/\/gauthierkeyaerts.com\/blog\/?p=1392"},"modified":"2020-01-14T11:05:49","modified_gmt":"2020-01-14T10:05:49","slug":"le-sanctuaire-de-la-peur-mediatheque-darzano-mars-2018","status":"publish","type":"post","link":"https:\/\/gauthierkeyaerts.com\/blog\/le-sanctuaire-de-la-peur-mediatheque-darzano-mars-2018\/","title":{"rendered":"Le Sanctuaire de la peur @ Mediath\u00e8que d\u2019Arzano, Mars 2018"},"content":{"rendered":"<p style=\"text-align: justify;\">Cet \u00e9v\u00e9nement constitue la premi\u00e8re \u00e9tape d&rsquo;un futur projet de performance &#8211; en duo &#8211; de Paul Sanda et moi-m\u00eame. Ce concert \/ conf\u00e9rence se base sur l&rsquo;essai de Paul Sanda : <em><strong>Le Sanctuaire de la peur<\/strong><\/em>. Un hommage po\u00e9tique au cin\u00e9ma d&rsquo;\u00e9pouvante, horrifique, surr\u00e9aliste, libre et imaginaire, \u00e0 travers l&rsquo;\u00e9vocation de r\u00e9alisateurs tels que Dario Argento, Georges Franju, Jean Rollin, <span class=\"st\">Walerian Borowczyk, Mario Bava, Michele Soavi&#8230;<\/span><\/p>\n<p>Nous invitons les spectateurs \u00e0 un voyage multiple : lecture de texte, musique improvis\u00e9e, pr\u00e9sentation du cin\u00e9ma de \u00ab\u00a0genre\u00a0\u00bb et de r\u00e9alisateurs que nous avons eu le plaisir &#8211; pour certains &#8211; de rencontrer. Merci au festival <a href=\"https:\/\/maisondelapoesie-quimperle.fr\/\">S\u00e9maphore<\/a>!<\/p>\n<p>&nbsp;<\/p>\n<p><img data-recalc-dims=\"1\" loading=\"lazy\" decoding=\"async\" class=\"alignnone wp-image-1393 size-full\" src=\"https:\/\/i0.wp.com\/gauthierkeyaerts.com\/blog\/wp-content\/uploads\/2019\/12\/presse-semaphore-2018-003-1.jpg?resize=648%2C565&#038;ssl=1\" alt=\"\" width=\"648\" height=\"565\" srcset=\"https:\/\/i0.wp.com\/gauthierkeyaerts.com\/blog\/wp-content\/uploads\/2019\/12\/presse-semaphore-2018-003-1.jpg?w=1723&amp;ssl=1 1723w, https:\/\/i0.wp.com\/gauthierkeyaerts.com\/blog\/wp-content\/uploads\/2019\/12\/presse-semaphore-2018-003-1.jpg?resize=300%2C261&amp;ssl=1 300w, https:\/\/i0.wp.com\/gauthierkeyaerts.com\/blog\/wp-content\/uploads\/2019\/12\/presse-semaphore-2018-003-1.jpg?resize=1024%2C892&amp;ssl=1 1024w, https:\/\/i0.wp.com\/gauthierkeyaerts.com\/blog\/wp-content\/uploads\/2019\/12\/presse-semaphore-2018-003-1.jpg?resize=768%2C669&amp;ssl=1 768w, https:\/\/i0.wp.com\/gauthierkeyaerts.com\/blog\/wp-content\/uploads\/2019\/12\/presse-semaphore-2018-003-1.jpg?resize=1536%2C1338&amp;ssl=1 1536w, https:\/\/i0.wp.com\/gauthierkeyaerts.com\/blog\/wp-content\/uploads\/2019\/12\/presse-semaphore-2018-003-1.jpg?w=1296&amp;ssl=1 1296w\" sizes=\"auto, (max-width: 648px) 100vw, 648px\" \/><\/p>\n<p>&nbsp;<\/p>\n","protected":false},"excerpt":{"rendered":"<p>Cet \u00e9v\u00e9nement constitue la premi\u00e8re \u00e9tape d&rsquo;un futur projet de performance &#8211; en duo &#8211; de Paul Sanda et moi-m\u00eame. Ce concert \/ conf\u00e9rence se base sur l&rsquo;essai de Paul Sanda : Le Sanctuaire de la peur. Un hommage po\u00e9tique au cin\u00e9ma d&rsquo;\u00e9pouvante, horrifique, surr\u00e9aliste, libre et imaginaire, \u00e0 travers l&rsquo;\u00e9vocation de r\u00e9alisateurs tels que [&hellip;]<\/p>\n","protected":false},"author":1,"featured_media":0,"comment_status":"closed","ping_status":"closed","sticky":false,"template":"","format":"standard","meta":{"_jetpack_memberships_contains_paid_content":false,"footnotes":""},"categories":[1],"tags":[],"class_list":["post-1392","post","type-post","status-publish","format-standard","hentry","category-non-classe"],"jetpack_featured_media_url":"","jetpack_sharing_enabled":true,"_links":{"self":[{"href":"https:\/\/gauthierkeyaerts.com\/blog\/wp-json\/wp\/v2\/posts\/1392","targetHints":{"allow":["GET"]}}],"collection":[{"href":"https:\/\/gauthierkeyaerts.com\/blog\/wp-json\/wp\/v2\/posts"}],"about":[{"href":"https:\/\/gauthierkeyaerts.com\/blog\/wp-json\/wp\/v2\/types\/post"}],"author":[{"embeddable":true,"href":"https:\/\/gauthierkeyaerts.com\/blog\/wp-json\/wp\/v2\/users\/1"}],"replies":[{"embeddable":true,"href":"https:\/\/gauthierkeyaerts.com\/blog\/wp-json\/wp\/v2\/comments?post=1392"}],"version-history":[{"count":0,"href":"https:\/\/gauthierkeyaerts.com\/blog\/wp-json\/wp\/v2\/posts\/1392\/revisions"}],"wp:attachment":[{"href":"https:\/\/gauthierkeyaerts.com\/blog\/wp-json\/wp\/v2\/media?parent=1392"}],"wp:term":[{"taxonomy":"category","embeddable":true,"href":"https:\/\/gauthierkeyaerts.com\/blog\/wp-json\/wp\/v2\/categories?post=1392"},{"taxonomy":"post_tag","embeddable":true,"href":"https:\/\/gauthierkeyaerts.com\/blog\/wp-json\/wp\/v2\/tags?post=1392"}],"curies":[{"name":"wp","href":"https:\/\/api.w.org\/{rel}","templated":true}]}}