{"id":1027,"date":"2018-07-28T17:03:05","date_gmt":"2018-07-28T15:03:05","guid":{"rendered":"https:\/\/gauthierkeyaerts.com\/blog\/?p=1027"},"modified":"2020-01-14T10:54:12","modified_gmt":"2020-01-14T09:54:12","slug":"9e-festival-international-de-poesie-cordes-sur-ciel-juillet-2018","status":"publish","type":"post","link":"https:\/\/gauthierkeyaerts.com\/blog\/9e-festival-international-de-poesie-cordes-sur-ciel-juillet-2018\/","title":{"rendered":"9e Festival International de Po\u00e9sie Actuelle de Cordes-sur-Ciel. Juillet 2018"},"content":{"rendered":"<p style=\"text-align: justify;\">Gr\u00e2ce \u00e0 ce festival, j&rsquo;ai pu faire de nouvelles rencontres artistiques: Thomas D\u00e9jeammes, Fran\u00e7oise Pelherbe, Pierre Grouix, Thomas Grison&#8230; et surtout, surtout d\u00e9couvrir le sanctuaire des \u00e9ditions Rafael de Surtis, soit une magnifique maison sise en plein c\u0153ur historique de Cordes-sur-Ciel. Cette commune sise dans le Tarn, et baign\u00e9e par la culture Occitane, m&rsquo;a fortement marqu\u00e9 par son architecture, son histoire, sa magie (litt\u00e9rale et esth\u00e9tique), son ambiance, sa nature. J&rsquo;en suis tomb\u00e9 amoureux.<\/p>\n<p>&nbsp;<\/p>\n<div id='gallery-1' class='gallery galleryid-1027 gallery-columns-4 gallery-size-thumbnail'><figure class='gallery-item'>\n\t\t\t<div class='gallery-icon landscape'>\n\t\t\t\t<a href='https:\/\/gauthierkeyaerts.com\/blog\/9e-festival-international-de-poesie-cordes-sur-ciel-juillet-2018\/unadjustednonraw_thumb_238e-2\/'><img loading=\"lazy\" decoding=\"async\" width=\"150\" height=\"150\" src=\"https:\/\/i0.wp.com\/gauthierkeyaerts.com\/blog\/wp-content\/uploads\/2018\/07\/UNADJUSTEDNONRAW_thumb_238e.jpg?resize=150%2C150&amp;ssl=1\" class=\"attachment-thumbnail size-thumbnail\" alt=\"Festival International de Po\u00e9sie Actuelle de Cordes-sur-Ciel\" aria-describedby=\"gallery-1-1640\" srcset=\"https:\/\/i0.wp.com\/gauthierkeyaerts.com\/blog\/wp-content\/uploads\/2018\/07\/UNADJUSTEDNONRAW_thumb_238e.jpg?w=1024&amp;ssl=1 1024w, https:\/\/i0.wp.com\/gauthierkeyaerts.com\/blog\/wp-content\/uploads\/2018\/07\/UNADJUSTEDNONRAW_thumb_238e.jpg?resize=300%2C300&amp;ssl=1 300w, https:\/\/i0.wp.com\/gauthierkeyaerts.com\/blog\/wp-content\/uploads\/2018\/07\/UNADJUSTEDNONRAW_thumb_238e.jpg?resize=150%2C150&amp;ssl=1 150w, https:\/\/i0.wp.com\/gauthierkeyaerts.com\/blog\/wp-content\/uploads\/2018\/07\/UNADJUSTEDNONRAW_thumb_238e.jpg?resize=768%2C768&amp;ssl=1 768w, https:\/\/i0.wp.com\/gauthierkeyaerts.com\/blog\/wp-content\/uploads\/2018\/07\/UNADJUSTEDNONRAW_thumb_238e.jpg?resize=60%2C60&amp;ssl=1 60w\" sizes=\"auto, (max-width: 150px) 100vw, 150px\" \/><\/a>\n\t\t\t<\/div>\n\t\t\t\t<figcaption class='wp-caption-text gallery-caption' id='gallery-1-1640'>\n\t\t\t\tCordes-sur-Ciel. 2018\n\t\t\t\t<\/figcaption><\/figure><figure class='gallery-item'>\n\t\t\t<div class='gallery-icon landscape'>\n\t\t\t\t<a href='https:\/\/gauthierkeyaerts.com\/blog\/9e-festival-international-de-poesie-cordes-sur-ciel-juillet-2018\/unadjustednonraw_thumb_23a6-3\/'><img loading=\"lazy\" decoding=\"async\" width=\"150\" height=\"150\" src=\"https:\/\/i0.wp.com\/gauthierkeyaerts.com\/blog\/wp-content\/uploads\/2018\/07\/UNADJUSTEDNONRAW_thumb_23a6.jpg?resize=150%2C150&amp;ssl=1\" class=\"attachment-thumbnail size-thumbnail\" alt=\"Festival International de Po\u00e9sie Actuelle de Cordes-sur-Ciel\" aria-describedby=\"gallery-1-1641\" srcset=\"https:\/\/i0.wp.com\/gauthierkeyaerts.com\/blog\/wp-content\/uploads\/2018\/07\/UNADJUSTEDNONRAW_thumb_23a6.jpg?w=1024&amp;ssl=1 1024w, https:\/\/i0.wp.com\/gauthierkeyaerts.com\/blog\/wp-content\/uploads\/2018\/07\/UNADJUSTEDNONRAW_thumb_23a6.jpg?resize=300%2C300&amp;ssl=1 300w, https:\/\/i0.wp.com\/gauthierkeyaerts.com\/blog\/wp-content\/uploads\/2018\/07\/UNADJUSTEDNONRAW_thumb_23a6.jpg?resize=150%2C150&amp;ssl=1 150w, https:\/\/i0.wp.com\/gauthierkeyaerts.com\/blog\/wp-content\/uploads\/2018\/07\/UNADJUSTEDNONRAW_thumb_23a6.jpg?resize=768%2C768&amp;ssl=1 768w, https:\/\/i0.wp.com\/gauthierkeyaerts.com\/blog\/wp-content\/uploads\/2018\/07\/UNADJUSTEDNONRAW_thumb_23a6.jpg?resize=60%2C60&amp;ssl=1 60w\" sizes=\"auto, (max-width: 150px) 100vw, 150px\" \/><\/a>\n\t\t\t<\/div>\n\t\t\t\t<figcaption class='wp-caption-text gallery-caption' id='gallery-1-1641'>\n\t\t\t\tCordes-sur-Ciel. 2018\n\t\t\t\t<\/figcaption><\/figure><figure class='gallery-item'>\n\t\t\t<div class='gallery-icon landscape'>\n\t\t\t\t<a href='https:\/\/gauthierkeyaerts.com\/blog\/9e-festival-international-de-poesie-cordes-sur-ciel-juillet-2018\/unadjustednonraw_thumb_23b4\/'><img loading=\"lazy\" decoding=\"async\" width=\"150\" height=\"150\" src=\"https:\/\/i0.wp.com\/gauthierkeyaerts.com\/blog\/wp-content\/uploads\/2018\/07\/UNADJUSTEDNONRAW_thumb_23b4.jpg?resize=150%2C150&amp;ssl=1\" class=\"attachment-thumbnail size-thumbnail\" alt=\"Festival International de Po\u00e9sie Actuelle de Cordes-sur-Ciel\" aria-describedby=\"gallery-1-1642\" srcset=\"https:\/\/i0.wp.com\/gauthierkeyaerts.com\/blog\/wp-content\/uploads\/2018\/07\/UNADJUSTEDNONRAW_thumb_23b4.jpg?w=1024&amp;ssl=1 1024w, https:\/\/i0.wp.com\/gauthierkeyaerts.com\/blog\/wp-content\/uploads\/2018\/07\/UNADJUSTEDNONRAW_thumb_23b4.jpg?resize=300%2C300&amp;ssl=1 300w, https:\/\/i0.wp.com\/gauthierkeyaerts.com\/blog\/wp-content\/uploads\/2018\/07\/UNADJUSTEDNONRAW_thumb_23b4.jpg?resize=150%2C150&amp;ssl=1 150w, https:\/\/i0.wp.com\/gauthierkeyaerts.com\/blog\/wp-content\/uploads\/2018\/07\/UNADJUSTEDNONRAW_thumb_23b4.jpg?resize=768%2C768&amp;ssl=1 768w, https:\/\/i0.wp.com\/gauthierkeyaerts.com\/blog\/wp-content\/uploads\/2018\/07\/UNADJUSTEDNONRAW_thumb_23b4.jpg?resize=60%2C60&amp;ssl=1 60w\" sizes=\"auto, (max-width: 150px) 100vw, 150px\" \/><\/a>\n\t\t\t<\/div>\n\t\t\t\t<figcaption class='wp-caption-text gallery-caption' id='gallery-1-1642'>\n\t\t\t\tCordes-sur-Ciel. 2018\n\t\t\t\t<\/figcaption><\/figure><figure class='gallery-item'>\n\t\t\t<div class='gallery-icon landscape'>\n\t\t\t\t<a href='https:\/\/gauthierkeyaerts.com\/blog\/9e-festival-international-de-poesie-cordes-sur-ciel-juillet-2018\/unadjustednonraw_thumb_23c0-2\/'><img loading=\"lazy\" decoding=\"async\" width=\"150\" height=\"150\" src=\"https:\/\/i0.wp.com\/gauthierkeyaerts.com\/blog\/wp-content\/uploads\/2018\/07\/UNADJUSTEDNONRAW_thumb_23c0.jpg?resize=150%2C150&amp;ssl=1\" class=\"attachment-thumbnail size-thumbnail\" alt=\"Festival International de Po\u00e9sie Actuelle de Cordes-sur-Ciel\" aria-describedby=\"gallery-1-1644\" srcset=\"https:\/\/i0.wp.com\/gauthierkeyaerts.com\/blog\/wp-content\/uploads\/2018\/07\/UNADJUSTEDNONRAW_thumb_23c0.jpg?resize=150%2C150&amp;ssl=1 150w, https:\/\/i0.wp.com\/gauthierkeyaerts.com\/blog\/wp-content\/uploads\/2018\/07\/UNADJUSTEDNONRAW_thumb_23c0.jpg?resize=60%2C60&amp;ssl=1 60w, https:\/\/i0.wp.com\/gauthierkeyaerts.com\/blog\/wp-content\/uploads\/2018\/07\/UNADJUSTEDNONRAW_thumb_23c0.jpg?zoom=2&amp;resize=150%2C150&amp;ssl=1 300w, https:\/\/i0.wp.com\/gauthierkeyaerts.com\/blog\/wp-content\/uploads\/2018\/07\/UNADJUSTEDNONRAW_thumb_23c0.jpg?zoom=3&amp;resize=150%2C150&amp;ssl=1 450w\" sizes=\"auto, (max-width: 150px) 100vw, 150px\" \/><\/a>\n\t\t\t<\/div>\n\t\t\t\t<figcaption class='wp-caption-text gallery-caption' id='gallery-1-1644'>\n\t\t\t\tCordes-sur-Ciel. 2018\n\t\t\t\t<\/figcaption><\/figure><figure class='gallery-item'>\n\t\t\t<div class='gallery-icon landscape'>\n\t\t\t\t<a href='https:\/\/gauthierkeyaerts.com\/blog\/9e-festival-international-de-poesie-cordes-sur-ciel-juillet-2018\/unadjustednonraw_thumb_23d5-3\/'><img loading=\"lazy\" decoding=\"async\" width=\"150\" height=\"150\" src=\"https:\/\/i0.wp.com\/gauthierkeyaerts.com\/blog\/wp-content\/uploads\/2018\/07\/UNADJUSTEDNONRAW_thumb_23d5.jpg?resize=150%2C150&amp;ssl=1\" class=\"attachment-thumbnail size-thumbnail\" alt=\"Festival International de Po\u00e9sie Actuelle de Cordes-sur-Ciel\" aria-describedby=\"gallery-1-1645\" srcset=\"https:\/\/i0.wp.com\/gauthierkeyaerts.com\/blog\/wp-content\/uploads\/2018\/07\/UNADJUSTEDNONRAW_thumb_23d5.jpg?resize=150%2C150&amp;ssl=1 150w, https:\/\/i0.wp.com\/gauthierkeyaerts.com\/blog\/wp-content\/uploads\/2018\/07\/UNADJUSTEDNONRAW_thumb_23d5.jpg?resize=60%2C60&amp;ssl=1 60w, https:\/\/i0.wp.com\/gauthierkeyaerts.com\/blog\/wp-content\/uploads\/2018\/07\/UNADJUSTEDNONRAW_thumb_23d5.jpg?zoom=2&amp;resize=150%2C150&amp;ssl=1 300w, https:\/\/i0.wp.com\/gauthierkeyaerts.com\/blog\/wp-content\/uploads\/2018\/07\/UNADJUSTEDNONRAW_thumb_23d5.jpg?zoom=3&amp;resize=150%2C150&amp;ssl=1 450w\" sizes=\"auto, (max-width: 150px) 100vw, 150px\" \/><\/a>\n\t\t\t<\/div>\n\t\t\t\t<figcaption class='wp-caption-text gallery-caption' id='gallery-1-1645'>\n\t\t\t\tCordes-sur-Ciel. 2018\n\t\t\t\t<\/figcaption><\/figure><figure class='gallery-item'>\n\t\t\t<div class='gallery-icon landscape'>\n\t\t\t\t<a href='https:\/\/gauthierkeyaerts.com\/blog\/9e-festival-international-de-poesie-cordes-sur-ciel-juillet-2018\/unadjustednonraw_thumb_240a\/'><img loading=\"lazy\" decoding=\"async\" width=\"150\" height=\"150\" src=\"https:\/\/i0.wp.com\/gauthierkeyaerts.com\/blog\/wp-content\/uploads\/2018\/07\/UNADJUSTEDNONRAW_thumb_240a.jpg?resize=150%2C150&amp;ssl=1\" class=\"attachment-thumbnail size-thumbnail\" alt=\"Festival International de Po\u00e9sie Actuelle de Cordes-sur-Ciel\" aria-describedby=\"gallery-1-1646\" srcset=\"https:\/\/i0.wp.com\/gauthierkeyaerts.com\/blog\/wp-content\/uploads\/2018\/07\/UNADJUSTEDNONRAW_thumb_240a.jpg?resize=150%2C150&amp;ssl=1 150w, https:\/\/i0.wp.com\/gauthierkeyaerts.com\/blog\/wp-content\/uploads\/2018\/07\/UNADJUSTEDNONRAW_thumb_240a.jpg?resize=60%2C60&amp;ssl=1 60w, https:\/\/i0.wp.com\/gauthierkeyaerts.com\/blog\/wp-content\/uploads\/2018\/07\/UNADJUSTEDNONRAW_thumb_240a.jpg?zoom=2&amp;resize=150%2C150&amp;ssl=1 300w, https:\/\/i0.wp.com\/gauthierkeyaerts.com\/blog\/wp-content\/uploads\/2018\/07\/UNADJUSTEDNONRAW_thumb_240a.jpg?zoom=3&amp;resize=150%2C150&amp;ssl=1 450w\" sizes=\"auto, (max-width: 150px) 100vw, 150px\" \/><\/a>\n\t\t\t<\/div>\n\t\t\t\t<figcaption class='wp-caption-text gallery-caption' id='gallery-1-1646'>\n\t\t\t\tCordes-sur-Ciel. 2018\n\t\t\t\t<\/figcaption><\/figure><figure class='gallery-item'>\n\t\t\t<div class='gallery-icon portrait'>\n\t\t\t\t<a href='https:\/\/gauthierkeyaerts.com\/blog\/9e-festival-international-de-poesie-cordes-sur-ciel-juillet-2018\/unadjustednonraw_thumb_2410-2\/'><img loading=\"lazy\" decoding=\"async\" width=\"150\" height=\"150\" src=\"https:\/\/i0.wp.com\/gauthierkeyaerts.com\/blog\/wp-content\/uploads\/2018\/07\/UNADJUSTEDNONRAW_thumb_2410.jpg?resize=150%2C150&amp;ssl=1\" class=\"attachment-thumbnail size-thumbnail\" alt=\"Festival International de Po\u00e9sie Actuelle de Cordes-sur-Ciel\" aria-describedby=\"gallery-1-1647\" srcset=\"https:\/\/i0.wp.com\/gauthierkeyaerts.com\/blog\/wp-content\/uploads\/2018\/07\/UNADJUSTEDNONRAW_thumb_2410.jpg?resize=150%2C150&amp;ssl=1 150w, https:\/\/i0.wp.com\/gauthierkeyaerts.com\/blog\/wp-content\/uploads\/2018\/07\/UNADJUSTEDNONRAW_thumb_2410.jpg?resize=60%2C60&amp;ssl=1 60w, https:\/\/i0.wp.com\/gauthierkeyaerts.com\/blog\/wp-content\/uploads\/2018\/07\/UNADJUSTEDNONRAW_thumb_2410.jpg?zoom=2&amp;resize=150%2C150&amp;ssl=1 300w, https:\/\/i0.wp.com\/gauthierkeyaerts.com\/blog\/wp-content\/uploads\/2018\/07\/UNADJUSTEDNONRAW_thumb_2410.jpg?zoom=3&amp;resize=150%2C150&amp;ssl=1 450w\" sizes=\"auto, (max-width: 150px) 100vw, 150px\" \/><\/a>\n\t\t\t<\/div>\n\t\t\t\t<figcaption class='wp-caption-text gallery-caption' id='gallery-1-1647'>\n\t\t\t\tCordes-sur-Ciel. 2018\n\t\t\t\t<\/figcaption><\/figure><figure class='gallery-item'>\n\t\t\t<div class='gallery-icon portrait'>\n\t\t\t\t<a href='https:\/\/gauthierkeyaerts.com\/blog\/9e-festival-international-de-poesie-cordes-sur-ciel-juillet-2018\/unadjustednonraw_thumb_2412\/'><img loading=\"lazy\" decoding=\"async\" width=\"150\" height=\"150\" src=\"https:\/\/i0.wp.com\/gauthierkeyaerts.com\/blog\/wp-content\/uploads\/2018\/07\/UNADJUSTEDNONRAW_thumb_2412.jpg?resize=150%2C150&amp;ssl=1\" class=\"attachment-thumbnail size-thumbnail\" alt=\"Festival International de Po\u00e9sie Actuelle de Cordes-sur-Ciel\" aria-describedby=\"gallery-1-1648\" srcset=\"https:\/\/i0.wp.com\/gauthierkeyaerts.com\/blog\/wp-content\/uploads\/2018\/07\/UNADJUSTEDNONRAW_thumb_2412.jpg?resize=150%2C150&amp;ssl=1 150w, https:\/\/i0.wp.com\/gauthierkeyaerts.com\/blog\/wp-content\/uploads\/2018\/07\/UNADJUSTEDNONRAW_thumb_2412.jpg?resize=60%2C60&amp;ssl=1 60w, https:\/\/i0.wp.com\/gauthierkeyaerts.com\/blog\/wp-content\/uploads\/2018\/07\/UNADJUSTEDNONRAW_thumb_2412.jpg?zoom=2&amp;resize=150%2C150&amp;ssl=1 300w, https:\/\/i0.wp.com\/gauthierkeyaerts.com\/blog\/wp-content\/uploads\/2018\/07\/UNADJUSTEDNONRAW_thumb_2412.jpg?zoom=3&amp;resize=150%2C150&amp;ssl=1 450w\" sizes=\"auto, (max-width: 150px) 100vw, 150px\" \/><\/a>\n\t\t\t<\/div>\n\t\t\t\t<figcaption class='wp-caption-text gallery-caption' id='gallery-1-1648'>\n\t\t\t\tCordes-sur-Ciel. 2018\n\t\t\t\t<\/figcaption><\/figure>\n\t\t<\/div>\n\n<p>&nbsp;<\/p>\n<p style=\"text-align: justify;\">Bien entendu, je me suis rendu sur place pour participer au festival, pas juste pour le plaisir touristique. J&rsquo;ai eu le plaisir de pr\u00e9senter une nouvelle version du <em><strong>Sanctuaire de la peur<\/strong> <\/em>(duo avec Paul Sanda) cette fois-ci en version quatuor (avec Xavier Dubois \u00e0 la guitare, et Thomas Grison aux percussions), et de rejouer La tr\u00e8s belle performance <strong><em>Le vent, Je suis L\u00e9o Ferr\u00e9, <\/em><\/strong>deux spectacles pr\u00e9sent\u00e9s en premi\u00e8re au mois de mars, sur la sc\u00e8ne de l&rsquo;Ellipse \u00e0 Mo\u00eblan-sur-mer, lors du <em>Festival de la parole po\u00e9tique &#8211; S\u00e9maphore<\/em>&#8230; ici totalement revisit\u00e9s.<\/p>\n<p style=\"text-align: justify;\">Merci Paul Sanda et Rafael de Surtis pour votre accueil parfait.<\/p>\n<p>&nbsp;<\/p>\n<div id='gallery-2' class='gallery galleryid-1027 gallery-columns-4 gallery-size-thumbnail'><figure class='gallery-item'>\n\t\t\t<div class='gallery-icon landscape'>\n\t\t\t\t<a href=\"https:\/\/i0.wp.com\/gauthierkeyaerts.com\/blog\/wp-content\/uploads\/2019\/12\/UNADJUSTEDNONRAW_thumb_2408.jpg?ssl=1\"><img loading=\"lazy\" decoding=\"async\" width=\"150\" height=\"150\" src=\"https:\/\/i0.wp.com\/gauthierkeyaerts.com\/blog\/wp-content\/uploads\/2019\/12\/UNADJUSTEDNONRAW_thumb_2408.jpg?resize=150%2C150&amp;ssl=1\" class=\"attachment-thumbnail size-thumbnail\" alt=\"Festival International de Po\u00e9sie Actuelle de Cordes-sur-Ciel\" aria-describedby=\"gallery-2-1045\" srcset=\"https:\/\/i0.wp.com\/gauthierkeyaerts.com\/blog\/wp-content\/uploads\/2019\/12\/UNADJUSTEDNONRAW_thumb_2408.jpg?resize=150%2C150&amp;ssl=1 150w, https:\/\/i0.wp.com\/gauthierkeyaerts.com\/blog\/wp-content\/uploads\/2019\/12\/UNADJUSTEDNONRAW_thumb_2408.jpg?resize=60%2C60&amp;ssl=1 60w, https:\/\/i0.wp.com\/gauthierkeyaerts.com\/blog\/wp-content\/uploads\/2019\/12\/UNADJUSTEDNONRAW_thumb_2408.jpg?zoom=2&amp;resize=150%2C150&amp;ssl=1 300w, https:\/\/i0.wp.com\/gauthierkeyaerts.com\/blog\/wp-content\/uploads\/2019\/12\/UNADJUSTEDNONRAW_thumb_2408.jpg?zoom=3&amp;resize=150%2C150&amp;ssl=1 450w\" sizes=\"auto, (max-width: 150px) 100vw, 150px\" \/><\/a>\n\t\t\t<\/div>\n\t\t\t\t<figcaption class='wp-caption-text gallery-caption' id='gallery-2-1045'>\n\t\t\t\tCordes-sur-Ciel. 2018\n\t\t\t\t<\/figcaption><\/figure><figure class='gallery-item'>\n\t\t\t<div class='gallery-icon landscape'>\n\t\t\t\t<a href=\"https:\/\/i0.wp.com\/gauthierkeyaerts.com\/blog\/wp-content\/uploads\/2019\/12\/UNADJUSTEDNONRAW_thumb_2423.jpg?ssl=1\"><img loading=\"lazy\" decoding=\"async\" width=\"150\" height=\"150\" src=\"https:\/\/i0.wp.com\/gauthierkeyaerts.com\/blog\/wp-content\/uploads\/2019\/12\/UNADJUSTEDNONRAW_thumb_2423.jpg?resize=150%2C150&amp;ssl=1\" class=\"attachment-thumbnail size-thumbnail\" alt=\"Festival International de Po\u00e9sie Actuelle de Cordes-sur-Ciel\" aria-describedby=\"gallery-2-1033\" srcset=\"https:\/\/i0.wp.com\/gauthierkeyaerts.com\/blog\/wp-content\/uploads\/2019\/12\/UNADJUSTEDNONRAW_thumb_2423.jpg?resize=150%2C150&amp;ssl=1 150w, https:\/\/i0.wp.com\/gauthierkeyaerts.com\/blog\/wp-content\/uploads\/2019\/12\/UNADJUSTEDNONRAW_thumb_2423.jpg?resize=60%2C60&amp;ssl=1 60w, https:\/\/i0.wp.com\/gauthierkeyaerts.com\/blog\/wp-content\/uploads\/2019\/12\/UNADJUSTEDNONRAW_thumb_2423.jpg?zoom=2&amp;resize=150%2C150&amp;ssl=1 300w, https:\/\/i0.wp.com\/gauthierkeyaerts.com\/blog\/wp-content\/uploads\/2019\/12\/UNADJUSTEDNONRAW_thumb_2423.jpg?zoom=3&amp;resize=150%2C150&amp;ssl=1 450w\" sizes=\"auto, (max-width: 150px) 100vw, 150px\" \/><\/a>\n\t\t\t<\/div>\n\t\t\t\t<figcaption class='wp-caption-text gallery-caption' id='gallery-2-1033'>\n\t\t\t\tCordes-sur-Ciel. 2018\n\t\t\t\t<\/figcaption><\/figure><figure class='gallery-item'>\n\t\t\t<div class='gallery-icon landscape'>\n\t\t\t\t<a href=\"https:\/\/i0.wp.com\/gauthierkeyaerts.com\/blog\/wp-content\/uploads\/2019\/12\/UNADJUSTEDNONRAW_thumb_23d5.jpg?ssl=1\"><img loading=\"lazy\" decoding=\"async\" width=\"150\" height=\"150\" src=\"https:\/\/i0.wp.com\/gauthierkeyaerts.com\/blog\/wp-content\/uploads\/2019\/12\/UNADJUSTEDNONRAW_thumb_23d5.jpg?resize=150%2C150&amp;ssl=1\" class=\"attachment-thumbnail size-thumbnail\" alt=\"Festival International de Po\u00e9sie Actuelle de Cordes-sur-Ciel\" aria-describedby=\"gallery-2-1044\" srcset=\"https:\/\/i0.wp.com\/gauthierkeyaerts.com\/blog\/wp-content\/uploads\/2019\/12\/UNADJUSTEDNONRAW_thumb_23d5.jpg?resize=150%2C150&amp;ssl=1 150w, https:\/\/i0.wp.com\/gauthierkeyaerts.com\/blog\/wp-content\/uploads\/2019\/12\/UNADJUSTEDNONRAW_thumb_23d5.jpg?resize=60%2C60&amp;ssl=1 60w, https:\/\/i0.wp.com\/gauthierkeyaerts.com\/blog\/wp-content\/uploads\/2019\/12\/UNADJUSTEDNONRAW_thumb_23d5.jpg?zoom=2&amp;resize=150%2C150&amp;ssl=1 300w, https:\/\/i0.wp.com\/gauthierkeyaerts.com\/blog\/wp-content\/uploads\/2019\/12\/UNADJUSTEDNONRAW_thumb_23d5.jpg?zoom=3&amp;resize=150%2C150&amp;ssl=1 450w\" sizes=\"auto, (max-width: 150px) 100vw, 150px\" \/><\/a>\n\t\t\t<\/div>\n\t\t\t\t<figcaption class='wp-caption-text gallery-caption' id='gallery-2-1044'>\n\t\t\t\tCordes-sur-Ciel. 2018\n\t\t\t\t<\/figcaption><\/figure><figure class='gallery-item'>\n\t\t\t<div class='gallery-icon landscape'>\n\t\t\t\t<a href=\"https:\/\/i0.wp.com\/gauthierkeyaerts.com\/blog\/wp-content\/uploads\/2019\/12\/UNADJUSTEDNONRAW_thumb_238e.jpg?ssl=1\"><img loading=\"lazy\" decoding=\"async\" width=\"150\" height=\"150\" src=\"https:\/\/i0.wp.com\/gauthierkeyaerts.com\/blog\/wp-content\/uploads\/2019\/12\/UNADJUSTEDNONRAW_thumb_238e.jpg?resize=150%2C150&amp;ssl=1\" class=\"attachment-thumbnail size-thumbnail\" alt=\"Festival International de Po\u00e9sie Actuelle de Cordes-sur-Ciel\" aria-describedby=\"gallery-2-1040\" srcset=\"https:\/\/i0.wp.com\/gauthierkeyaerts.com\/blog\/wp-content\/uploads\/2019\/12\/UNADJUSTEDNONRAW_thumb_238e.jpg?w=1024&amp;ssl=1 1024w, https:\/\/i0.wp.com\/gauthierkeyaerts.com\/blog\/wp-content\/uploads\/2019\/12\/UNADJUSTEDNONRAW_thumb_238e.jpg?resize=300%2C300&amp;ssl=1 300w, https:\/\/i0.wp.com\/gauthierkeyaerts.com\/blog\/wp-content\/uploads\/2019\/12\/UNADJUSTEDNONRAW_thumb_238e.jpg?resize=150%2C150&amp;ssl=1 150w, https:\/\/i0.wp.com\/gauthierkeyaerts.com\/blog\/wp-content\/uploads\/2019\/12\/UNADJUSTEDNONRAW_thumb_238e.jpg?resize=768%2C768&amp;ssl=1 768w, https:\/\/i0.wp.com\/gauthierkeyaerts.com\/blog\/wp-content\/uploads\/2019\/12\/UNADJUSTEDNONRAW_thumb_238e.jpg?resize=60%2C60&amp;ssl=1 60w\" sizes=\"auto, (max-width: 150px) 100vw, 150px\" \/><\/a>\n\t\t\t<\/div>\n\t\t\t\t<figcaption class='wp-caption-text gallery-caption' id='gallery-2-1040'>\n\t\t\t\tCordes-sur-Ciel. 2018\n\t\t\t\t<\/figcaption><\/figure><figure class='gallery-item'>\n\t\t\t<div class='gallery-icon landscape'>\n\t\t\t\t<a href=\"https:\/\/i0.wp.com\/gauthierkeyaerts.com\/blog\/wp-content\/uploads\/2019\/12\/UNADJUSTEDNONRAW_thumb_241d.jpg?ssl=1\"><img loading=\"lazy\" decoding=\"async\" width=\"150\" height=\"150\" src=\"https:\/\/i0.wp.com\/gauthierkeyaerts.com\/blog\/wp-content\/uploads\/2019\/12\/UNADJUSTEDNONRAW_thumb_241d.jpg?resize=150%2C150&amp;ssl=1\" class=\"attachment-thumbnail size-thumbnail\" alt=\"Festival International de Po\u00e9sie Actuelle de Cordes-sur-Ciel\" aria-describedby=\"gallery-2-1048\" srcset=\"https:\/\/i0.wp.com\/gauthierkeyaerts.com\/blog\/wp-content\/uploads\/2019\/12\/UNADJUSTEDNONRAW_thumb_241d.jpg?resize=150%2C150&amp;ssl=1 150w, https:\/\/i0.wp.com\/gauthierkeyaerts.com\/blog\/wp-content\/uploads\/2019\/12\/UNADJUSTEDNONRAW_thumb_241d.jpg?resize=60%2C60&amp;ssl=1 60w, https:\/\/i0.wp.com\/gauthierkeyaerts.com\/blog\/wp-content\/uploads\/2019\/12\/UNADJUSTEDNONRAW_thumb_241d.jpg?zoom=2&amp;resize=150%2C150&amp;ssl=1 300w, https:\/\/i0.wp.com\/gauthierkeyaerts.com\/blog\/wp-content\/uploads\/2019\/12\/UNADJUSTEDNONRAW_thumb_241d.jpg?zoom=3&amp;resize=150%2C150&amp;ssl=1 450w\" sizes=\"auto, (max-width: 150px) 100vw, 150px\" \/><\/a>\n\t\t\t<\/div>\n\t\t\t\t<figcaption class='wp-caption-text gallery-caption' id='gallery-2-1048'>\n\t\t\t\tCordes-sur-Ciel. 2018\n\t\t\t\t<\/figcaption><\/figure><figure class='gallery-item'>\n\t\t\t<div class='gallery-icon landscape'>\n\t\t\t\t<a href=\"https:\/\/i0.wp.com\/gauthierkeyaerts.com\/blog\/wp-content\/uploads\/2019\/12\/UNADJUSTEDNONRAW_thumb_23c0.jpg?ssl=1\"><img loading=\"lazy\" decoding=\"async\" width=\"150\" height=\"150\" src=\"https:\/\/i0.wp.com\/gauthierkeyaerts.com\/blog\/wp-content\/uploads\/2019\/12\/UNADJUSTEDNONRAW_thumb_23c0.jpg?resize=150%2C150&amp;ssl=1\" class=\"attachment-thumbnail size-thumbnail\" alt=\"Festival International de Po\u00e9sie Actuelle de Cordes-sur-Ciel\" aria-describedby=\"gallery-2-1043\" srcset=\"https:\/\/i0.wp.com\/gauthierkeyaerts.com\/blog\/wp-content\/uploads\/2019\/12\/UNADJUSTEDNONRAW_thumb_23c0.jpg?resize=150%2C150&amp;ssl=1 150w, https:\/\/i0.wp.com\/gauthierkeyaerts.com\/blog\/wp-content\/uploads\/2019\/12\/UNADJUSTEDNONRAW_thumb_23c0.jpg?resize=60%2C60&amp;ssl=1 60w, https:\/\/i0.wp.com\/gauthierkeyaerts.com\/blog\/wp-content\/uploads\/2019\/12\/UNADJUSTEDNONRAW_thumb_23c0.jpg?zoom=2&amp;resize=150%2C150&amp;ssl=1 300w, https:\/\/i0.wp.com\/gauthierkeyaerts.com\/blog\/wp-content\/uploads\/2019\/12\/UNADJUSTEDNONRAW_thumb_23c0.jpg?zoom=3&amp;resize=150%2C150&amp;ssl=1 450w\" sizes=\"auto, (max-width: 150px) 100vw, 150px\" \/><\/a>\n\t\t\t<\/div>\n\t\t\t\t<figcaption class='wp-caption-text gallery-caption' id='gallery-2-1043'>\n\t\t\t\tCordes-sur-Ciel. 2018\n\t\t\t\t<\/figcaption><\/figure><figure class='gallery-item'>\n\t\t\t<div class='gallery-icon landscape'>\n\t\t\t\t<a href=\"https:\/\/i0.wp.com\/gauthierkeyaerts.com\/blog\/wp-content\/uploads\/2019\/12\/UNADJUSTEDNONRAW_thumb_2766.jpg?ssl=1\"><img loading=\"lazy\" decoding=\"async\" width=\"150\" height=\"150\" src=\"https:\/\/i0.wp.com\/gauthierkeyaerts.com\/blog\/wp-content\/uploads\/2019\/12\/UNADJUSTEDNONRAW_thumb_2766.jpg?resize=150%2C150&amp;ssl=1\" class=\"attachment-thumbnail size-thumbnail\" alt=\"Festival International de Po\u00e9sie Actuelle de Cordes-sur-Ciel\" aria-describedby=\"gallery-2-1050\" srcset=\"https:\/\/i0.wp.com\/gauthierkeyaerts.com\/blog\/wp-content\/uploads\/2019\/12\/UNADJUSTEDNONRAW_thumb_2766.jpg?w=1024&amp;ssl=1 1024w, https:\/\/i0.wp.com\/gauthierkeyaerts.com\/blog\/wp-content\/uploads\/2019\/12\/UNADJUSTEDNONRAW_thumb_2766.jpg?resize=300%2C300&amp;ssl=1 300w, https:\/\/i0.wp.com\/gauthierkeyaerts.com\/blog\/wp-content\/uploads\/2019\/12\/UNADJUSTEDNONRAW_thumb_2766.jpg?resize=150%2C150&amp;ssl=1 150w, https:\/\/i0.wp.com\/gauthierkeyaerts.com\/blog\/wp-content\/uploads\/2019\/12\/UNADJUSTEDNONRAW_thumb_2766.jpg?resize=768%2C768&amp;ssl=1 768w, https:\/\/i0.wp.com\/gauthierkeyaerts.com\/blog\/wp-content\/uploads\/2019\/12\/UNADJUSTEDNONRAW_thumb_2766.jpg?resize=60%2C60&amp;ssl=1 60w\" sizes=\"auto, (max-width: 150px) 100vw, 150px\" \/><\/a>\n\t\t\t<\/div>\n\t\t\t\t<figcaption class='wp-caption-text gallery-caption' id='gallery-2-1050'>\n\t\t\t\tCordes-sur-Ciel. 2018\n\t\t\t\t<\/figcaption><\/figure><figure class='gallery-item'>\n\t\t\t<div class='gallery-icon landscape'>\n\t\t\t\t<a href=\"https:\/\/i0.wp.com\/gauthierkeyaerts.com\/blog\/wp-content\/uploads\/2019\/12\/UNADJUSTEDNONRAW_thumb_2441.jpg?ssl=1\"><img loading=\"lazy\" decoding=\"async\" width=\"150\" height=\"150\" src=\"https:\/\/i0.wp.com\/gauthierkeyaerts.com\/blog\/wp-content\/uploads\/2019\/12\/UNADJUSTEDNONRAW_thumb_2441.jpg?resize=150%2C150&amp;ssl=1\" class=\"attachment-thumbnail size-thumbnail\" alt=\"Festival International de Po\u00e9sie Actuelle de Cordes-sur-Ciel\" aria-describedby=\"gallery-2-1049\" srcset=\"https:\/\/i0.wp.com\/gauthierkeyaerts.com\/blog\/wp-content\/uploads\/2019\/12\/UNADJUSTEDNONRAW_thumb_2441.jpg?resize=150%2C150&amp;ssl=1 150w, https:\/\/i0.wp.com\/gauthierkeyaerts.com\/blog\/wp-content\/uploads\/2019\/12\/UNADJUSTEDNONRAW_thumb_2441.jpg?resize=60%2C60&amp;ssl=1 60w, https:\/\/i0.wp.com\/gauthierkeyaerts.com\/blog\/wp-content\/uploads\/2019\/12\/UNADJUSTEDNONRAW_thumb_2441.jpg?zoom=2&amp;resize=150%2C150&amp;ssl=1 300w, https:\/\/i0.wp.com\/gauthierkeyaerts.com\/blog\/wp-content\/uploads\/2019\/12\/UNADJUSTEDNONRAW_thumb_2441.jpg?zoom=3&amp;resize=150%2C150&amp;ssl=1 450w\" sizes=\"auto, (max-width: 150px) 100vw, 150px\" \/><\/a>\n\t\t\t<\/div>\n\t\t\t\t<figcaption class='wp-caption-text gallery-caption' id='gallery-2-1049'>\n\t\t\t\tCordes-sur-Ciel. 2018\n\t\t\t\t<\/figcaption><\/figure><figure class='gallery-item'>\n\t\t\t<div class='gallery-icon portrait'>\n\t\t\t\t<a href=\"https:\/\/i0.wp.com\/gauthierkeyaerts.com\/blog\/wp-content\/uploads\/2019\/12\/UNADJUSTEDNONRAW_thumb_2410.jpg?ssl=1\"><img loading=\"lazy\" decoding=\"async\" width=\"150\" height=\"150\" src=\"https:\/\/i0.wp.com\/gauthierkeyaerts.com\/blog\/wp-content\/uploads\/2019\/12\/UNADJUSTEDNONRAW_thumb_2410.jpg?resize=150%2C150&amp;ssl=1\" class=\"attachment-thumbnail size-thumbnail\" alt=\"Festival International de Po\u00e9sie Actuelle de Cordes-sur-Ciel\" aria-describedby=\"gallery-2-1046\" srcset=\"https:\/\/i0.wp.com\/gauthierkeyaerts.com\/blog\/wp-content\/uploads\/2019\/12\/UNADJUSTEDNONRAW_thumb_2410.jpg?resize=150%2C150&amp;ssl=1 150w, https:\/\/i0.wp.com\/gauthierkeyaerts.com\/blog\/wp-content\/uploads\/2019\/12\/UNADJUSTEDNONRAW_thumb_2410.jpg?resize=60%2C60&amp;ssl=1 60w, https:\/\/i0.wp.com\/gauthierkeyaerts.com\/blog\/wp-content\/uploads\/2019\/12\/UNADJUSTEDNONRAW_thumb_2410.jpg?zoom=2&amp;resize=150%2C150&amp;ssl=1 300w, https:\/\/i0.wp.com\/gauthierkeyaerts.com\/blog\/wp-content\/uploads\/2019\/12\/UNADJUSTEDNONRAW_thumb_2410.jpg?zoom=3&amp;resize=150%2C150&amp;ssl=1 450w\" sizes=\"auto, (max-width: 150px) 100vw, 150px\" \/><\/a>\n\t\t\t<\/div>\n\t\t\t\t<figcaption class='wp-caption-text gallery-caption' id='gallery-2-1046'>\n\t\t\t\tCordes-sur-Ciel. 2018\n\t\t\t\t<\/figcaption><\/figure><figure class='gallery-item'>\n\t\t\t<div class='gallery-icon landscape'>\n\t\t\t\t<a href=\"https:\/\/i0.wp.com\/gauthierkeyaerts.com\/blog\/wp-content\/uploads\/2019\/12\/UNADJUSTEDNONRAW_thumb_2422.jpg?ssl=1\"><img loading=\"lazy\" decoding=\"async\" width=\"150\" height=\"150\" src=\"https:\/\/i0.wp.com\/gauthierkeyaerts.com\/blog\/wp-content\/uploads\/2019\/12\/UNADJUSTEDNONRAW_thumb_2422.jpg?resize=150%2C150&amp;ssl=1\" class=\"attachment-thumbnail size-thumbnail\" alt=\"Festival International de Po\u00e9sie Actuelle de Cordes-sur-Ciel\" aria-describedby=\"gallery-2-1036\" srcset=\"https:\/\/i0.wp.com\/gauthierkeyaerts.com\/blog\/wp-content\/uploads\/2019\/12\/UNADJUSTEDNONRAW_thumb_2422.jpg?resize=150%2C150&amp;ssl=1 150w, https:\/\/i0.wp.com\/gauthierkeyaerts.com\/blog\/wp-content\/uploads\/2019\/12\/UNADJUSTEDNONRAW_thumb_2422.jpg?resize=60%2C60&amp;ssl=1 60w, https:\/\/i0.wp.com\/gauthierkeyaerts.com\/blog\/wp-content\/uploads\/2019\/12\/UNADJUSTEDNONRAW_thumb_2422.jpg?zoom=2&amp;resize=150%2C150&amp;ssl=1 300w, https:\/\/i0.wp.com\/gauthierkeyaerts.com\/blog\/wp-content\/uploads\/2019\/12\/UNADJUSTEDNONRAW_thumb_2422.jpg?zoom=3&amp;resize=150%2C150&amp;ssl=1 450w\" sizes=\"auto, (max-width: 150px) 100vw, 150px\" \/><\/a>\n\t\t\t<\/div>\n\t\t\t\t<figcaption class='wp-caption-text gallery-caption' id='gallery-2-1036'>\n\t\t\t\tCordes-sur-Ciel. 2018\n\t\t\t\t<\/figcaption><\/figure><figure class='gallery-item'>\n\t\t\t<div class='gallery-icon landscape'>\n\t\t\t\t<a href=\"https:\/\/i0.wp.com\/gauthierkeyaerts.com\/blog\/wp-content\/uploads\/2019\/12\/UNADJUSTEDNONRAW_thumb_2413.jpg?ssl=1\"><img loading=\"lazy\" decoding=\"async\" width=\"150\" height=\"150\" src=\"https:\/\/i0.wp.com\/gauthierkeyaerts.com\/blog\/wp-content\/uploads\/2019\/12\/UNADJUSTEDNONRAW_thumb_2413.jpg?resize=150%2C150&amp;ssl=1\" class=\"attachment-thumbnail size-thumbnail\" alt=\"Festival International de Po\u00e9sie Actuelle de Cordes-sur-Ciel\" aria-describedby=\"gallery-2-1047\" srcset=\"https:\/\/i0.wp.com\/gauthierkeyaerts.com\/blog\/wp-content\/uploads\/2019\/12\/UNADJUSTEDNONRAW_thumb_2413.jpg?resize=150%2C150&amp;ssl=1 150w, https:\/\/i0.wp.com\/gauthierkeyaerts.com\/blog\/wp-content\/uploads\/2019\/12\/UNADJUSTEDNONRAW_thumb_2413.jpg?resize=60%2C60&amp;ssl=1 60w, https:\/\/i0.wp.com\/gauthierkeyaerts.com\/blog\/wp-content\/uploads\/2019\/12\/UNADJUSTEDNONRAW_thumb_2413.jpg?zoom=2&amp;resize=150%2C150&amp;ssl=1 300w, https:\/\/i0.wp.com\/gauthierkeyaerts.com\/blog\/wp-content\/uploads\/2019\/12\/UNADJUSTEDNONRAW_thumb_2413.jpg?zoom=3&amp;resize=150%2C150&amp;ssl=1 450w\" sizes=\"auto, (max-width: 150px) 100vw, 150px\" \/><\/a>\n\t\t\t<\/div>\n\t\t\t\t<figcaption class='wp-caption-text gallery-caption' id='gallery-2-1047'>\n\t\t\t\tCordes-sur-Ciel. 2018\n\t\t\t\t<\/figcaption><\/figure><figure class='gallery-item'>\n\t\t\t<div class='gallery-icon landscape'>\n\t\t\t\t<a href=\"https:\/\/i0.wp.com\/gauthierkeyaerts.com\/blog\/wp-content\/uploads\/2019\/12\/UNADJUSTEDNONRAW_thumb_66e2.jpg?ssl=1\"><img loading=\"lazy\" decoding=\"async\" width=\"150\" height=\"150\" src=\"https:\/\/i0.wp.com\/gauthierkeyaerts.com\/blog\/wp-content\/uploads\/2019\/12\/UNADJUSTEDNONRAW_thumb_66e2.jpg?resize=150%2C150&amp;ssl=1\" class=\"attachment-thumbnail size-thumbnail\" alt=\"Festival International de Po\u00e9sie Actuelle de Cordes-sur-Ciel\" aria-describedby=\"gallery-2-1037\" srcset=\"https:\/\/i0.wp.com\/gauthierkeyaerts.com\/blog\/wp-content\/uploads\/2019\/12\/UNADJUSTEDNONRAW_thumb_66e2.jpg?resize=150%2C150&amp;ssl=1 150w, https:\/\/i0.wp.com\/gauthierkeyaerts.com\/blog\/wp-content\/uploads\/2019\/12\/UNADJUSTEDNONRAW_thumb_66e2.jpg?resize=60%2C60&amp;ssl=1 60w, https:\/\/i0.wp.com\/gauthierkeyaerts.com\/blog\/wp-content\/uploads\/2019\/12\/UNADJUSTEDNONRAW_thumb_66e2.jpg?zoom=2&amp;resize=150%2C150&amp;ssl=1 300w, https:\/\/i0.wp.com\/gauthierkeyaerts.com\/blog\/wp-content\/uploads\/2019\/12\/UNADJUSTEDNONRAW_thumb_66e2.jpg?zoom=3&amp;resize=150%2C150&amp;ssl=1 450w\" sizes=\"auto, (max-width: 150px) 100vw, 150px\" \/><\/a>\n\t\t\t<\/div>\n\t\t\t\t<figcaption class='wp-caption-text gallery-caption' id='gallery-2-1037'>\n\t\t\t\tCordes-sur-Ciel. 2018\n\t\t\t\t<\/figcaption><\/figure><figure class='gallery-item'>\n\t\t\t<div class='gallery-icon landscape'>\n\t\t\t\t<a href=\"https:\/\/i0.wp.com\/gauthierkeyaerts.com\/blog\/wp-content\/uploads\/2019\/12\/UNADJUSTEDNONRAW_thumb_23a8.jpg?ssl=1\"><img loading=\"lazy\" decoding=\"async\" width=\"150\" height=\"150\" src=\"https:\/\/i0.wp.com\/gauthierkeyaerts.com\/blog\/wp-content\/uploads\/2019\/12\/UNADJUSTEDNONRAW_thumb_23a8.jpg?resize=150%2C150&amp;ssl=1\" class=\"attachment-thumbnail size-thumbnail\" alt=\"Festival International de Po\u00e9sie Actuelle de Cordes-sur-Ciel\" aria-describedby=\"gallery-2-1041\" srcset=\"https:\/\/i0.wp.com\/gauthierkeyaerts.com\/blog\/wp-content\/uploads\/2019\/12\/UNADJUSTEDNONRAW_thumb_23a8.jpg?resize=150%2C150&amp;ssl=1 150w, https:\/\/i0.wp.com\/gauthierkeyaerts.com\/blog\/wp-content\/uploads\/2019\/12\/UNADJUSTEDNONRAW_thumb_23a8.jpg?resize=60%2C60&amp;ssl=1 60w, https:\/\/i0.wp.com\/gauthierkeyaerts.com\/blog\/wp-content\/uploads\/2019\/12\/UNADJUSTEDNONRAW_thumb_23a8.jpg?zoom=2&amp;resize=150%2C150&amp;ssl=1 300w, https:\/\/i0.wp.com\/gauthierkeyaerts.com\/blog\/wp-content\/uploads\/2019\/12\/UNADJUSTEDNONRAW_thumb_23a8.jpg?zoom=3&amp;resize=150%2C150&amp;ssl=1 450w\" sizes=\"auto, (max-width: 150px) 100vw, 150px\" \/><\/a>\n\t\t\t<\/div>\n\t\t\t\t<figcaption class='wp-caption-text gallery-caption' id='gallery-2-1041'>\n\t\t\t\tCordes-sur-Ciel. 2018\n\t\t\t\t<\/figcaption><\/figure><figure class='gallery-item'>\n\t\t\t<div class='gallery-icon landscape'>\n\t\t\t\t<a href=\"https:\/\/i0.wp.com\/gauthierkeyaerts.com\/blog\/wp-content\/uploads\/2019\/12\/UNADJUSTEDNONRAW_thumb_3f01.jpg?ssl=1\"><img loading=\"lazy\" decoding=\"async\" width=\"150\" height=\"150\" src=\"https:\/\/i0.wp.com\/gauthierkeyaerts.com\/blog\/wp-content\/uploads\/2019\/12\/UNADJUSTEDNONRAW_thumb_3f01.jpg?resize=150%2C150&amp;ssl=1\" class=\"attachment-thumbnail size-thumbnail\" alt=\"Festival International de Po\u00e9sie Actuelle de Cordes-sur-Ciel\" aria-describedby=\"gallery-2-1035\" srcset=\"https:\/\/i0.wp.com\/gauthierkeyaerts.com\/blog\/wp-content\/uploads\/2019\/12\/UNADJUSTEDNONRAW_thumb_3f01.jpg?resize=150%2C150&amp;ssl=1 150w, https:\/\/i0.wp.com\/gauthierkeyaerts.com\/blog\/wp-content\/uploads\/2019\/12\/UNADJUSTEDNONRAW_thumb_3f01.jpg?resize=60%2C60&amp;ssl=1 60w, https:\/\/i0.wp.com\/gauthierkeyaerts.com\/blog\/wp-content\/uploads\/2019\/12\/UNADJUSTEDNONRAW_thumb_3f01.jpg?zoom=2&amp;resize=150%2C150&amp;ssl=1 300w, https:\/\/i0.wp.com\/gauthierkeyaerts.com\/blog\/wp-content\/uploads\/2019\/12\/UNADJUSTEDNONRAW_thumb_3f01.jpg?zoom=3&amp;resize=150%2C150&amp;ssl=1 450w\" sizes=\"auto, (max-width: 150px) 100vw, 150px\" \/><\/a>\n\t\t\t<\/div>\n\t\t\t\t<figcaption class='wp-caption-text gallery-caption' id='gallery-2-1035'>\n\t\t\t\tCordes-sur-Ciel. 2018\n\t\t\t\t<\/figcaption><\/figure><figure class='gallery-item'>\n\t\t\t<div class='gallery-icon landscape'>\n\t\t\t\t<a href=\"https:\/\/i0.wp.com\/gauthierkeyaerts.com\/blog\/wp-content\/uploads\/2019\/12\/UNADJUSTEDNONRAW_thumb_241f.jpg?ssl=1\"><img loading=\"lazy\" decoding=\"async\" width=\"150\" height=\"150\" src=\"https:\/\/i0.wp.com\/gauthierkeyaerts.com\/blog\/wp-content\/uploads\/2019\/12\/UNADJUSTEDNONRAW_thumb_241f.jpg?resize=150%2C150&amp;ssl=1\" class=\"attachment-thumbnail size-thumbnail\" alt=\"Festival International de Po\u00e9sie Actuelle de Cordes-sur-Ciel\" aria-describedby=\"gallery-2-1034\" srcset=\"https:\/\/i0.wp.com\/gauthierkeyaerts.com\/blog\/wp-content\/uploads\/2019\/12\/UNADJUSTEDNONRAW_thumb_241f.jpg?resize=150%2C150&amp;ssl=1 150w, https:\/\/i0.wp.com\/gauthierkeyaerts.com\/blog\/wp-content\/uploads\/2019\/12\/UNADJUSTEDNONRAW_thumb_241f.jpg?resize=60%2C60&amp;ssl=1 60w, https:\/\/i0.wp.com\/gauthierkeyaerts.com\/blog\/wp-content\/uploads\/2019\/12\/UNADJUSTEDNONRAW_thumb_241f.jpg?zoom=2&amp;resize=150%2C150&amp;ssl=1 300w, https:\/\/i0.wp.com\/gauthierkeyaerts.com\/blog\/wp-content\/uploads\/2019\/12\/UNADJUSTEDNONRAW_thumb_241f.jpg?zoom=3&amp;resize=150%2C150&amp;ssl=1 450w\" sizes=\"auto, (max-width: 150px) 100vw, 150px\" \/><\/a>\n\t\t\t<\/div>\n\t\t\t\t<figcaption class='wp-caption-text gallery-caption' id='gallery-2-1034'>\n\t\t\t\tCordes-sur-Ciel. 2018\n\t\t\t\t<\/figcaption><\/figure><figure class='gallery-item'>\n\t\t\t<div class='gallery-icon landscape'>\n\t\t\t\t<a href=\"https:\/\/i0.wp.com\/gauthierkeyaerts.com\/blog\/wp-content\/uploads\/2019\/12\/UNADJUSTEDNONRAW_thumb_2434.jpg?ssl=1\"><img loading=\"lazy\" decoding=\"async\" width=\"150\" height=\"150\" src=\"https:\/\/i0.wp.com\/gauthierkeyaerts.com\/blog\/wp-content\/uploads\/2019\/12\/UNADJUSTEDNONRAW_thumb_2434.jpg?resize=150%2C150&amp;ssl=1\" class=\"attachment-thumbnail size-thumbnail\" alt=\"Festival International de Po\u00e9sie Actuelle de Cordes-sur-Ciel\" aria-describedby=\"gallery-2-1039\" srcset=\"https:\/\/i0.wp.com\/gauthierkeyaerts.com\/blog\/wp-content\/uploads\/2019\/12\/UNADJUSTEDNONRAW_thumb_2434.jpg?resize=150%2C150&amp;ssl=1 150w, https:\/\/i0.wp.com\/gauthierkeyaerts.com\/blog\/wp-content\/uploads\/2019\/12\/UNADJUSTEDNONRAW_thumb_2434.jpg?resize=60%2C60&amp;ssl=1 60w, https:\/\/i0.wp.com\/gauthierkeyaerts.com\/blog\/wp-content\/uploads\/2019\/12\/UNADJUSTEDNONRAW_thumb_2434.jpg?zoom=2&amp;resize=150%2C150&amp;ssl=1 300w, https:\/\/i0.wp.com\/gauthierkeyaerts.com\/blog\/wp-content\/uploads\/2019\/12\/UNADJUSTEDNONRAW_thumb_2434.jpg?zoom=3&amp;resize=150%2C150&amp;ssl=1 450w\" sizes=\"auto, (max-width: 150px) 100vw, 150px\" \/><\/a>\n\t\t\t<\/div>\n\t\t\t\t<figcaption class='wp-caption-text gallery-caption' id='gallery-2-1039'>\n\t\t\t\tCordes-sur-Ciel. 2018\n\t\t\t\t<\/figcaption><\/figure>\n\t\t<\/div>\n\n<p>&nbsp;<\/p>\n<p>&nbsp;<\/p>\n","protected":false},"excerpt":{"rendered":"<p>Gr\u00e2ce \u00e0 ce festival, j&rsquo;ai pu faire de nouvelles rencontres artistiques: Thomas D\u00e9jeammes, Fran\u00e7oise Pelherbe, Pierre Grouix, Thomas Grison&#8230; et surtout, surtout d\u00e9couvrir le sanctuaire des \u00e9ditions Rafael de Surtis, soit une magnifique maison sise en plein c\u0153ur historique de Cordes-sur-Ciel. Cette commune sise dans le Tarn, et baign\u00e9e par la culture Occitane, m&rsquo;a fortement [&hellip;]<\/p>\n","protected":false},"author":1,"featured_media":0,"comment_status":"closed","ping_status":"closed","sticky":false,"template":"","format":"standard","meta":{"_jetpack_memberships_contains_paid_content":false,"footnotes":""},"categories":[1],"tags":[],"class_list":["post-1027","post","type-post","status-publish","format-standard","hentry","category-non-classe"],"jetpack_featured_media_url":"","jetpack_sharing_enabled":true,"_links":{"self":[{"href":"https:\/\/gauthierkeyaerts.com\/blog\/wp-json\/wp\/v2\/posts\/1027","targetHints":{"allow":["GET"]}}],"collection":[{"href":"https:\/\/gauthierkeyaerts.com\/blog\/wp-json\/wp\/v2\/posts"}],"about":[{"href":"https:\/\/gauthierkeyaerts.com\/blog\/wp-json\/wp\/v2\/types\/post"}],"author":[{"embeddable":true,"href":"https:\/\/gauthierkeyaerts.com\/blog\/wp-json\/wp\/v2\/users\/1"}],"replies":[{"embeddable":true,"href":"https:\/\/gauthierkeyaerts.com\/blog\/wp-json\/wp\/v2\/comments?post=1027"}],"version-history":[{"count":0,"href":"https:\/\/gauthierkeyaerts.com\/blog\/wp-json\/wp\/v2\/posts\/1027\/revisions"}],"wp:attachment":[{"href":"https:\/\/gauthierkeyaerts.com\/blog\/wp-json\/wp\/v2\/media?parent=1027"}],"wp:term":[{"taxonomy":"category","embeddable":true,"href":"https:\/\/gauthierkeyaerts.com\/blog\/wp-json\/wp\/v2\/categories?post=1027"},{"taxonomy":"post_tag","embeddable":true,"href":"https:\/\/gauthierkeyaerts.com\/blog\/wp-json\/wp\/v2\/tags?post=1027"}],"curies":[{"name":"wp","href":"https:\/\/api.w.org\/{rel}","templated":true}]}}